{"id":2131,"date":"2026-04-28T13:57:12","date_gmt":"2026-04-28T11:57:12","guid":{"rendered":"https:\/\/greenmywork.fr\/?p=2131"},"modified":"2026-04-28T14:31:13","modified_gmt":"2026-04-28T12:31:13","slug":"ia-act-une-opportunite-pour-deployer-lia-frugale","status":"publish","type":"post","link":"https:\/\/greenmywork.fr\/index.php\/2026\/04\/28\/ia-act-une-opportunite-pour-deployer-lia-frugale\/","title":{"rendered":"IA ACT : une opportunit\u00e9 pour d\u00e9ployer l\u2019IA frugale"},"content":{"rendered":"\t\t<div data-elementor-type=\"wp-post\" data-elementor-id=\"2131\" class=\"elementor elementor-2131\" data-elementor-post-type=\"post\">\n\t\t\t\t<div class=\"elementor-element elementor-element-56c6cc58 e-flex e-con-boxed e-con e-parent\" data-id=\"56c6cc58\" data-element_type=\"container\" data-e-type=\"container\">\n\t\t\t\t\t<div class=\"e-con-inner\">\n\t\t\t\t<div class=\"elementor-element elementor-element-245f6482 elementor-widget elementor-widget-text-editor\" data-id=\"245f6482\" data-element_type=\"widget\" data-e-type=\"widget\" data-widget_type=\"text-editor.default\">\n\t\t\t\t<div class=\"elementor-widget-container\">\n\t\t\t\t\t\t\t\t\t<p><span style=\"color: #bbd5c1;\"><a style=\"color: #bbd5c1;\" href=\"https:\/\/greenmywork.fr\/index.php\/blog\/\">&lt; Retour Accueil du blog<\/a><\/span><\/p>\t\t\t\t\t\t\t\t<\/div>\n\t\t\t\t<\/div>\n\t\t\t\t\t<\/div>\n\t\t\t\t<\/div>\n\t\t<div class=\"elementor-element elementor-element-7d36ab42 e-flex e-con-boxed e-con e-parent\" data-id=\"7d36ab42\" data-element_type=\"container\" data-e-type=\"container\" data-settings=\"{&quot;background_background&quot;:&quot;classic&quot;}\">\n\t\t\t\t\t<div class=\"e-con-inner\">\n\t\t<div class=\"elementor-element elementor-element-23c2211f e-con-full e-flex e-con e-child\" data-id=\"23c2211f\" data-element_type=\"container\" data-e-type=\"container\">\n\t\t<div class=\"elementor-element elementor-element-3acf7de e-con-full e-flex e-con e-child\" data-id=\"3acf7de\" data-element_type=\"container\" data-e-type=\"container\" data-settings=\"{&quot;background_background&quot;:&quot;classic&quot;}\">\n\t\t\t\t<div class=\"elementor-element elementor-element-ef6bfda elementor-widget elementor-widget-heading\" data-id=\"ef6bfda\" data-element_type=\"widget\" data-e-type=\"widget\" data-widget_type=\"heading.default\">\n\t\t\t\t<div class=\"elementor-widget-container\">\n\t\t\t\t\t<h1 class=\"elementor-heading-title elementor-size-default\">IA ACT : une opportunit\u00e9 pour int\u00e9grer l\u2019IA frugale<\/h1>\t\t\t\t<\/div>\n\t\t\t\t<\/div>\n\t\t\t\t<\/div>\n\t\t\t\t<\/div>\n\t\t\t\t\t<\/div>\n\t\t\t\t<\/div>\n\t\t<div class=\"elementor-element elementor-element-49746863 e-flex e-con-boxed e-con e-parent\" data-id=\"49746863\" data-element_type=\"container\" data-e-type=\"container\">\n\t\t\t\t\t<div class=\"e-con-inner\">\n\t\t\t\t<div class=\"elementor-element elementor-element-5f5c6a5c elementor-widget elementor-widget-text-editor\" data-id=\"5f5c6a5c\" data-element_type=\"widget\" data-e-type=\"widget\" data-widget_type=\"text-editor.default\">\n\t\t\t\t<div class=\"elementor-widget-container\">\n\t\t\t\t\t\t\t\t\t<p><span style=\"font-weight: 400;\">L\u2019IA Act est entr\u00e9 en application en 2025 et les sanctions commenceront \u00e0 s\u2019appliquer \u00e0 partir du 2 ao\u00fbt 2026. L\u2019occasion de faire un point sur le sujet quelques mois avant l\u2019application des sanctions, mais surtout de voir comment int\u00e9grer des notions d\u2019IA frugale dans ce contexte, et pourquoi.\u00a0<\/span><\/p>\t\t\t\t\t\t\t\t<\/div>\n\t\t\t\t<\/div>\n\t\t\t\t\t<\/div>\n\t\t\t\t<\/div>\n\t\t<div class=\"elementor-element elementor-element-2c0328e3 e-flex e-con-boxed e-con e-parent\" data-id=\"2c0328e3\" data-element_type=\"container\" data-e-type=\"container\">\n\t\t\t\t\t<div class=\"e-con-inner\">\n\t\t\t\t<div class=\"elementor-element elementor-element-57b0f6ea elementor-widget__width-initial elementor-widget elementor-widget-heading\" data-id=\"57b0f6ea\" data-element_type=\"widget\" data-e-type=\"widget\" data-widget_type=\"heading.default\">\n\t\t\t\t<div class=\"elementor-widget-container\">\n\t\t\t\t\t<h3 class=\"elementor-heading-title elementor-size-default\">L\u2019IA Act en r\u00e9sum\u00e9 \n<\/h3>\t\t\t\t<\/div>\n\t\t\t\t<\/div>\n\t\t\t\t\t<\/div>\n\t\t\t\t<\/div>\n\t\t<div class=\"elementor-element elementor-element-25ca240a e-flex e-con-boxed e-con e-parent\" data-id=\"25ca240a\" data-element_type=\"container\" data-e-type=\"container\">\n\t\t\t\t\t<div class=\"e-con-inner\">\n\t\t\t\t<div class=\"elementor-element elementor-element-187a8db6 elementor-widget elementor-widget-text-editor\" data-id=\"187a8db6\" data-element_type=\"widget\" data-e-type=\"widget\" data-widget_type=\"text-editor.default\">\n\t\t\t\t<div class=\"elementor-widget-container\">\n\t\t\t\t\t\t\t\t\t<p><span style=\"font-weight: 400;\">L\u2019IA act est une r\u00e9glementation initi\u00e9e par l\u2019Union Europ\u00e9enne dans le but d\u2019<strong>encadrer le d\u00e9veloppement de l\u2019intelligence artificielle dans l&rsquo;UE<\/strong>, notamment pour <strong>prot\u00e9ger les droits humains et la s\u00e9curit\u00e9 des utilisateurs et de leurs donn\u00e9es.<\/strong> Il a \u00e9t\u00e9 promulgu\u00e9 en ao\u00fbt 2024 et s\u2019applique progressivement entre 2025 et 2027, soumettant les entreprises et organismes publics au respect de certaines pratiques en mati\u00e8re d\u2019IA dans leurs activit\u00e9s.\u00a0<\/span><\/p><p><span style=\"font-weight: 400;\">L\u2019IA Act concerne \u00e0 la fois les syst\u00e8mes IA de l\u2019Union Europ\u00e9enne mais aussi les syst\u00e8mes \u00e9trangers d\u00e9ploy\u00e9s et utilis\u00e9s dans l\u2019UE.\u00a0<\/span><\/p><p><span style=\"font-weight: 400;\">Il soumet \u00e0 des exigences r\u00e9glementaires sur le d\u00e9veloppement, l&rsquo;entra\u00eenement, la validation et l\u2019utilisation de l\u2019IA.\u00a0<\/span><\/p>\t\t\t\t\t\t\t\t<\/div>\n\t\t\t\t<\/div>\n\t\t\t\t\t<\/div>\n\t\t\t\t<\/div>\n\t\t<div class=\"elementor-element elementor-element-34384ab e-flex e-con-boxed e-con e-parent\" data-id=\"34384ab\" data-element_type=\"container\" data-e-type=\"container\">\n\t\t\t\t\t<div class=\"e-con-inner\">\n\t\t\t\t<div class=\"elementor-element elementor-element-680c052 elementor-widget__width-initial elementor-widget elementor-widget-heading\" data-id=\"680c052\" data-element_type=\"widget\" data-e-type=\"widget\" data-widget_type=\"heading.default\">\n\t\t\t\t<div class=\"elementor-widget-container\">\n\t\t\t\t\t<h4 class=\"elementor-heading-title elementor-size-default\">Qui est concern\u00e9 par l\u2019IA Act ? \n<\/h4>\t\t\t\t<\/div>\n\t\t\t\t<\/div>\n\t\t\t\t\t<\/div>\n\t\t\t\t<\/div>\n\t\t<div class=\"elementor-element elementor-element-8c3bc71 e-flex e-con-boxed e-con e-parent\" data-id=\"8c3bc71\" data-element_type=\"container\" data-e-type=\"container\">\n\t\t\t\t\t<div class=\"e-con-inner\">\n\t\t\t\t<div class=\"elementor-element elementor-element-a3a0751 elementor-widget elementor-widget-text-editor\" data-id=\"a3a0751\" data-element_type=\"widget\" data-e-type=\"widget\" data-widget_type=\"text-editor.default\">\n\t\t\t\t<div class=\"elementor-widget-container\">\n\t\t\t\t\t\t\t\t\t<p><span style=\"font-weight: 400;\">L\u2019IA Act concerne<\/span><b> toutes les organisations priv\u00e9es et publiques, quelle que soit leur taille et leur chiffre d&rsquo;affaires, d\u00e8s lors que l&rsquo;organisation a recours \u00e0 l\u2019IA dans le cadre de son activit\u00e9. <\/b><span style=\"font-weight: 400;\">Les fournisseurs d\u2019IA (cr\u00e9ateurs ou distributeurs), les utilisateurs d\u00e9ployant l\u2019IA dans leur organisation ainsi que les importateurs ou distributeurs au sein de l\u2019UE.<\/span><\/p><p><span style=\"font-weight: 400;\">C\u00f4t\u00e9 obligations l\u00e9gales, il est notamment demand\u00e9 de r\u00e9pertorier, classer et documenter les syst\u00e8mes IA de l\u2019organisation selon leur niveau de risque. En fonction de ces niveaux, l\u2019IA ACT pr\u00e9voit des crit\u00e8res de mise en conformit\u00e9 diff\u00e9rents.<\/span> <span style=\"font-weight: 400;\">(Documentation, s\u00e9curit\u00e9, marquage CE en cas de commercialisation, etc\u2026).\u00a0<\/span><\/p><p><span style=\"font-weight: 400;\">Les syst\u00e8mes \u00e0 haut risque sont les plus r\u00e9glement\u00e9s. (Plus de d\u00e9tail<\/span><span style=\"text-decoration: underline;\"><span style=\"color: #bbd5c1; text-decoration: underline;\"><a style=\"color: #bbd5c1; text-decoration: underline;\" href=\"https:\/\/entreprendre.service-public.gouv.fr\/actualites\/A18475\" target=\"_blank\" rel=\"noopener\"><span style=\"font-weight: 400;\"> dans cet article du gouv<\/span><\/a><span style=\"font-weight: 400;\">)<\/span><\/span><\/span><\/p><p><span style=\"font-weight: 400;\">De plus, il est obligatoire de former et <strong>sensibiliser l\u2019ensemble des parties prenantes ayant recours \u00e0 l\u2019IA dans le cadre de l&rsquo;activit\u00e9 de l&rsquo;organisation.<\/strong> Cela concerne les collaborateurs, les sous-traitants et les prestataires externes. Ces derniers doivent notamment \u00eatre form\u00e9s \u00e0 l\u2019IA d\u00e8s lors qu\u2019ils y ont recours dans le cadre de leur activit\u00e9 professionnelle pour l\u2019organisation.\u00a0<\/span><\/p>\t\t\t\t\t\t\t\t<\/div>\n\t\t\t\t<\/div>\n\t\t\t\t\t<\/div>\n\t\t\t\t<\/div>\n\t\t<div class=\"elementor-element elementor-element-e0c78a7 e-flex e-con-boxed e-con e-parent\" data-id=\"e0c78a7\" data-element_type=\"container\" data-e-type=\"container\">\n\t\t\t\t\t<div class=\"e-con-inner\">\n\t\t\t\t<div class=\"elementor-element elementor-element-510f08e elementor-widget__width-initial elementor-widget elementor-widget-heading\" data-id=\"510f08e\" data-element_type=\"widget\" data-e-type=\"widget\" data-widget_type=\"heading.default\">\n\t\t\t\t<div class=\"elementor-widget-container\">\n\t\t\t\t\t<h4 class=\"elementor-heading-title elementor-size-default\"> Classification des niveaux de risque : <\/h4>\t\t\t\t<\/div>\n\t\t\t\t<\/div>\n\t\t\t\t\t<\/div>\n\t\t\t\t<\/div>\n\t\t<div class=\"elementor-element elementor-element-3147da1 e-flex e-con-boxed e-con e-parent\" data-id=\"3147da1\" data-element_type=\"container\" data-e-type=\"container\">\n\t\t\t\t\t<div class=\"e-con-inner\">\n\t\t\t\t<div class=\"elementor-element elementor-element-f98e3ac elementor-widget elementor-widget-text-editor\" data-id=\"f98e3ac\" data-element_type=\"widget\" data-e-type=\"widget\" data-widget_type=\"text-editor.default\">\n\t\t\t\t<div class=\"elementor-widget-container\">\n\t\t\t\t\t\t\t\t\t<p><span style=\"font-weight: 400;\">L\u2019IA Act classifie les syst\u00e8mes IA et pose un cadre de conformit\u00e9 selon 4 niveaux de risques :\u00a0<\/span><\/p><ul><li style=\"font-weight: 400;\" aria-level=\"1\"><b>Les risques inacceptables<\/b><span style=\"font-weight: 400;\"> : les syst\u00e8mes strictement prohib\u00e9s (manipulation, exploitation des vuln\u00e9rabilit\u00e9s, cat\u00e9gorisation biom\u00e9triques&#8230;)\u00a0<\/span><\/li><li style=\"font-weight: 400;\" aria-level=\"1\"><b>Les syst\u00e8mes \u00e0 haut risque<\/b><span style=\"font-weight: 400;\"> : ayant un impact significatif et qui sont d\u00e9j\u00e0 encadr\u00e9s par une r\u00e9glementation europ\u00e9enne (biom\u00e9trie, s\u00e9curit\u00e9, \u00e9ducation, emploi, dispositifs m\u00e9dicaux&#8230;)\u00a0<\/span><\/li><li style=\"font-weight: 400;\" aria-level=\"1\"><b>Les syst\u00e8mes \u00e0 risques limit\u00e9s <\/b><span style=\"font-weight: 400;\">: les syst\u00e8mes soumis \u00e0 l\u2019obligation d\u2019informer les utilisateurs d\u2019une interaction avec une intelligence artificielle\u00a0<\/span><\/li><li style=\"font-weight: 400;\" aria-level=\"1\"><b>Les syst\u00e8mes \u00e0 risques minimaux ou inexistants <\/b><span style=\"font-weight: 400;\">: les syst\u00e8mes qui pr\u00e9sentent peu ou pas de risques identifi\u00e9s<\/span><\/li><\/ul>\t\t\t\t\t\t\t\t<\/div>\n\t\t\t\t<\/div>\n\t\t\t\t\t<\/div>\n\t\t\t\t<\/div>\n\t\t<div class=\"elementor-element elementor-element-dcf174f e-flex e-con-boxed e-con e-parent\" data-id=\"dcf174f\" data-element_type=\"container\" data-e-type=\"container\">\n\t\t\t\t\t<div class=\"e-con-inner\">\n\t\t\t\t<div class=\"elementor-element elementor-element-5569f9a elementor-widget__width-initial elementor-widget elementor-widget-heading\" data-id=\"5569f9a\" data-element_type=\"widget\" data-e-type=\"widget\" data-widget_type=\"heading.default\">\n\t\t\t\t<div class=\"elementor-widget-container\">\n\t\t\t\t\t<h3 class=\"elementor-heading-title elementor-size-default\">Pourquoi int\u00e9grer l\u2019IA frugale dans le cadre de la conformit\u00e9 \u00e0 l\u2019IA Act ? \n<\/h3>\t\t\t\t<\/div>\n\t\t\t\t<\/div>\n\t\t\t\t\t<\/div>\n\t\t\t\t<\/div>\n\t\t<div class=\"elementor-element elementor-element-5f8d62d e-flex e-con-boxed e-con e-parent\" data-id=\"5f8d62d\" data-element_type=\"container\" data-e-type=\"container\">\n\t\t\t\t\t<div class=\"e-con-inner\">\n\t\t\t\t<div class=\"elementor-element elementor-element-263156c elementor-widget elementor-widget-text-editor\" data-id=\"263156c\" data-element_type=\"widget\" data-e-type=\"widget\" data-widget_type=\"text-editor.default\">\n\t\t\t\t<div class=\"elementor-widget-container\">\n\t\t\t\t\t\t\t\t\t<p><span style=\"font-weight: 400;\">Les \u201cconcepts\u201d de num\u00e9rique responsable et d\u2019IA frugale seront bient\u00f4t une norme. Si vous lisez d\u00e9j\u00e0 les posts de Green My Work, vous savez que le d\u00e9veloppement de l\u2019IA augmente ostensiblement la pollution g\u00e9n\u00e9r\u00e9e par le secteur du num\u00e9rique, que la tension sur les m\u00e9taux s&rsquo;accro\u00eet, et que les p\u00e9nuries de composants sont de plus en plus fr\u00e9quentes. (Entre autres)\u00a0<\/span><\/p><p><span style=\"font-weight: 400;\">Dans ce contexte, les alternatives frugales ne seront bient\u00f4t plus un choix, mais une n\u00e9cessit\u00e9. Profiter de ce moment de mise en conformit\u00e9 pour embarquer l\u2019IA frugale est donc une r\u00e9elle opportunit\u00e9, tant au niveau RSE, que pour la performance ou l\u2019\u00e9conomie de l\u2019organisation : l\u2019anticipation, \u00e7a paye et \u00e7a limite les risques. <\/span><\/p>\t\t\t\t\t\t\t\t<\/div>\n\t\t\t\t<\/div>\n\t\t\t\t\t<\/div>\n\t\t\t\t<\/div>\n\t\t<div class=\"elementor-element elementor-element-e575edd e-flex e-con-boxed e-con e-parent\" data-id=\"e575edd\" data-element_type=\"container\" data-e-type=\"container\">\n\t\t\t\t\t<div class=\"e-con-inner\">\n\t\t\t\t<div class=\"elementor-element elementor-element-288d31e elementor-widget__width-initial elementor-widget elementor-widget-heading\" data-id=\"288d31e\" data-element_type=\"widget\" data-e-type=\"widget\" data-widget_type=\"heading.default\">\n\t\t\t\t<div class=\"elementor-widget-container\">\n\t\t\t\t\t<h4 class=\"elementor-heading-title elementor-size-default\">Les int\u00e9r\u00eats de l\u2019int\u00e9gration de l\u2019IA frugale : \n<\/h4>\t\t\t\t<\/div>\n\t\t\t\t<\/div>\n\t\t\t\t\t<\/div>\n\t\t\t\t<\/div>\n\t\t<div class=\"elementor-element elementor-element-43ddbed e-flex e-con-boxed e-con e-parent\" data-id=\"43ddbed\" data-element_type=\"container\" data-e-type=\"container\">\n\t\t\t\t\t<div class=\"e-con-inner\">\n\t\t\t\t<div class=\"elementor-element elementor-element-9dfeaac elementor-widget elementor-widget-text-editor\" data-id=\"9dfeaac\" data-element_type=\"widget\" data-e-type=\"widget\" data-widget_type=\"text-editor.default\">\n\t\t\t\t<div class=\"elementor-widget-container\">\n\t\t\t\t\t\t\t\t\t<ul><li style=\"font-weight: 400;\" aria-level=\"1\"><span style=\"font-weight: 400;\">Le plus \u00e9vident, pour la plan\u00e8te : <\/span><b>Contribuer \u00e0 stopper l\u2019\u201dh\u00e9morragie\u201d<\/b><span style=\"font-weight: 400;\"> de recours syst\u00e9matique \u00e0 l\u2019IA dans les projets. Adopter l\u2019IA frugale, c\u2019est avant tout penser \u00e0 la n\u00e9cessit\u00e9 d\u2019int\u00e9grer l\u2019IA dans un projet, puis d\u2019en \u00e9valuer son niveau de n\u00e9cessit\u00e9 \u00e0 chaque \u00e9tape. <\/span><b>Cela permet d\u2019adopter une gestion responsable de l\u2019IA d\u00e8s le d\u00e9but, plut\u00f4t que de devoir r\u00e9trop\u00e9daler aupr\u00e8s de vos collaborateurs par la suite<\/b><span style=\"font-weight: 400;\">, sachant qu\u2019ils s\u2019y seront en plus habitu\u00e9s !\u00a0<br \/><br \/><\/span><\/li><li style=\"font-weight: 400;\" aria-level=\"1\"><span style=\"font-weight: 400;\">Il est fort probable de voir appara\u00eetre de <\/span><b>nouvelles r\u00e9glementations<\/b><span style=\"font-weight: 400;\"> concernant la <\/span><b>sobri\u00e9t\u00e9 environnementale de l\u2019IA <\/b><span style=\"font-weight: 400;\">dans les prochaines ann\u00e9es en Europe. Elle pourrait notamment faire l\u2019objet de r\u00e9glementations d\u00e9di\u00e9es dans les <\/span><b>rapports extra financiers des organisations par exemple.\u00a0<br \/><br \/><\/b><\/li><li style=\"font-weight: 400;\" aria-level=\"1\"><b>Un avantage pour la comp\u00e9titivit\u00e9<\/b><span style=\"font-weight: 400;\"> : les crit\u00e8res environnementaux et de sobri\u00e9t\u00e9 sont de plus en plus sollicit\u00e9s et analys\u00e9s lors des appels d&rsquo;offres et dans les clauses d\u2019achats, notamment pour les organisations publiques, grands comptes et ETI. Int\u00e9grer l\u2019IA frugale peut \u00eatre source d\u2019une meilleure \u00e9ligibilit\u00e9 et s\u00e9lection lors d\u2019appels d&rsquo;offres.\u00a0<br \/><br \/><\/span><\/li><li style=\"font-weight: 400;\" aria-level=\"1\"><span style=\"font-weight: 400;\">L\u2019IA Act impose de former les collaborateurs et parties prenantes \u00e0 l\u2019IA et son utilisation. Int\u00e9grer les bonnes pratiques frugales permet d\u2019embarquer le sujet d\u00e8s l\u2019impl\u00e9mentation ou le d\u00e9ploiement de l\u2019IA dans l\u2019organisation.\u00a0<br \/><br \/><\/span><\/li><li style=\"font-weight: 400;\" aria-level=\"1\"><span style=\"font-weight: 400;\">Amorcer une r\u00e9flexion plus globale sur un syst\u00e8me d\u2019information plus durable et \u201csouverain\u201d pour l\u2019organisation.\u00a0<\/span><\/li><\/ul>\t\t\t\t\t\t\t\t<\/div>\n\t\t\t\t<\/div>\n\t\t\t\t\t<\/div>\n\t\t\t\t<\/div>\n\t\t<div class=\"elementor-element elementor-element-dcf5787 e-flex e-con-boxed e-con e-parent\" data-id=\"dcf5787\" data-element_type=\"container\" data-e-type=\"container\">\n\t\t\t\t\t<div class=\"e-con-inner\">\n\t\t\t\t<div class=\"elementor-element elementor-element-1ea9fcf elementor-widget__width-initial elementor-widget elementor-widget-heading\" data-id=\"1ea9fcf\" data-element_type=\"widget\" data-e-type=\"widget\" data-widget_type=\"heading.default\">\n\t\t\t\t<div class=\"elementor-widget-container\">\n\t\t\t\t\t<h4 class=\"elementor-heading-title elementor-size-default\">Quelques pistes de pratiques IA frugale \u00e0 int\u00e9grer : \n<\/h4>\t\t\t\t<\/div>\n\t\t\t\t<\/div>\n\t\t\t\t\t<\/div>\n\t\t\t\t<\/div>\n\t\t<div class=\"elementor-element elementor-element-3ec1468 e-flex e-con-boxed e-con e-parent\" data-id=\"3ec1468\" data-element_type=\"container\" data-e-type=\"container\">\n\t\t\t\t\t<div class=\"e-con-inner\">\n\t\t\t\t<div class=\"elementor-element elementor-element-d105097 elementor-widget elementor-widget-text-editor\" data-id=\"d105097\" data-element_type=\"widget\" data-e-type=\"widget\" data-widget_type=\"text-editor.default\">\n\t\t\t\t<div class=\"elementor-widget-container\">\n\t\t\t\t\t\t\t\t\t<ul><li style=\"font-weight: 400;\" aria-level=\"1\"><b>Challenger la n\u00e9cessit\u00e9 de l\u2019utilisation de l\u2019IA<\/b><span style=\"font-weight: 400;\"> et ses alternatives en amont des projets<\/span><\/li><li style=\"font-weight: 400;\" aria-level=\"1\"><span style=\"font-weight: 400;\">Concevoir une <\/span><b>charte IA responsable pour <\/b><span style=\"font-weight: 400;\">cadrer le recours \u00e0 l\u2019IA et son utilisation<\/span><\/li><li style=\"font-weight: 400;\" aria-level=\"1\"><span style=\"font-weight: 400;\">Concevoir des <\/span><b>guidelines sur les bonnes pratiques<\/b><span style=\"font-weight: 400;\"> pour les \u00e9quipes techniques<\/span><\/li><li style=\"font-weight: 400;\" aria-level=\"1\"><span style=\"font-weight: 400;\">Interdire l\u2019installation d\u2019outils non valid\u00e9s (permet de lutter contre le<\/span><b> shadow AI <\/b><span style=\"font-weight: 400;\">en plus d\u2019\u00eatre plus frugal)<\/span><\/li><li style=\"font-weight: 400;\" aria-level=\"1\"><span style=\"font-weight: 400;\">D\u00e9terminer un <\/span><b>niveau de licence par typologie de collaborateurs<\/b><span style=\"font-weight: 400;\"> : Int\u00e9grer un syst\u00e8me de gestion des licences \u201cd\u00e9grad\u00e9\u201d : licences \u00e0 utilisation restreinte et licence full access en fonction des besoins des collaborateurs<\/span><\/li><li style=\"font-weight: 400;\" aria-level=\"1\"><b>Sensibiliser<\/b><span style=\"font-weight: 400;\"> et former les collaborateurs \u00e0 l\u2019utilisation de l\u2019IA frugale, notamment au <\/span><b>Green Prompting<\/b><span style=\"font-weight: 400;\">. (Taille du mod\u00e8le, nombre de tokens, conception de prompt frugal\u2026)<\/span><\/li><li style=\"font-weight: 400;\" aria-level=\"1\"><b>Limiter le nombre de requ\u00eates<\/b><span style=\"font-weight: 400;\"> par utilisateur par jour ou par semaine\u00a0<\/span><\/li><li style=\"font-weight: 400;\" aria-level=\"1\"><span style=\"font-weight: 400;\">Pour plus de conseils, contactez Green My Work pour discuter de votre besoin \ud83d\ude42<\/span><\/li><\/ul>\t\t\t\t\t\t\t\t<\/div>\n\t\t\t\t<\/div>\n\t\t\t\t\t<\/div>\n\t\t\t\t<\/div>\n\t\t<div class=\"elementor-element elementor-element-abe6288 e-flex e-con-boxed e-con e-parent\" data-id=\"abe6288\" data-element_type=\"container\" data-e-type=\"container\">\n\t\t\t\t\t<div class=\"e-con-inner\">\n\t\t\t\t<div class=\"elementor-element elementor-element-6d09fe8 elementor-widget elementor-widget-text-editor\" data-id=\"6d09fe8\" data-element_type=\"widget\" data-e-type=\"widget\" data-widget_type=\"text-editor.default\">\n\t\t\t\t<div class=\"elementor-widget-container\">\n\t\t\t\t\t\t\t\t\t<p><span style=\"font-weight: 400;\">Pour conclure, int\u00e9grer l\u2019IA frugale d\u00e8s \u00e0 pr\u00e9sent dans votre organisation n\u2019est pas seulement une opportunit\u00e9 pour la plan\u00e8te, mais aussi r\u00e9pondre \u00e0 un enjeu strat\u00e9gique, organisationnel, et \u00e9conomique. Poser les bonnes briques strat\u00e9giques et les bonnes premi\u00e8res actions peut vraiment faire la diff\u00e9rence dans quelques ann\u00e9es.<\/span><\/p>\t\t\t\t\t\t\t\t<\/div>\n\t\t\t\t<\/div>\n\t\t\t\t\t<\/div>\n\t\t\t\t<\/div>\n\t\t<div class=\"elementor-element elementor-element-587d00fc e-flex e-con-boxed e-con e-parent\" data-id=\"587d00fc\" data-element_type=\"container\" data-e-type=\"container\">\n\t\t\t\t\t<div class=\"e-con-inner\">\n\t\t\t\t<div class=\"elementor-element elementor-element-4361f405 elementor-widget-divider--view-line elementor-widget elementor-widget-divider\" data-id=\"4361f405\" data-element_type=\"widget\" data-e-type=\"widget\" data-widget_type=\"divider.default\">\n\t\t\t\t<div class=\"elementor-widget-container\">\n\t\t\t\t\t\t\t<div class=\"elementor-divider\">\n\t\t\t<span class=\"elementor-divider-separator\">\n\t\t\t\t\t\t<\/span>\n\t\t<\/div>\n\t\t\t\t\t\t<\/div>\n\t\t\t\t<\/div>\n\t\t\t\t<div class=\"elementor-element elementor-element-6d8e72ec elementor-widget elementor-widget-text-editor\" data-id=\"6d8e72ec\" data-element_type=\"widget\" data-e-type=\"widget\" data-widget_type=\"text-editor.default\">\n\t\t\t\t<div class=\"elementor-widget-container\">\n\t\t\t\t\t\t\t\t\t<p><span style=\"font-weight: 400;\"><strong>\u00c0 propos de l\u2019auteur\u00a0\u00a0<\/strong><\/span><\/p><p><span style=\"font-weight: 400;\">Green My Work est un cabinet de conseil <b>ind\u00e9pendant en strat\u00e9gie Num\u00e9rique Responsable, Green IT et IA frugale<\/b>. En tant que <strong>consultant num\u00e9rique responsable<\/strong>, j&rsquo;accompagne notamment mes clients dans le pilotage de leur strat\u00e9gie via des sessions de conseil, des <strong>audits num\u00e9rique responsable et IA responsable,<\/strong> et l\u2019accompagnement dans le processus de lab\u00e9lisation. Pour en savoir plus sur le cabinet, <span style=\"text-decoration: underline; color: #bbd5c1;\"><a style=\"color: #bbd5c1;\" href=\"https:\/\/greenmywork.fr\/index.php\/accompagnements-numerique-responsable\/\" target=\"_blank\" rel=\"noopener\"><b>consultez la page des accompagnements.<\/b><\/a><\/span><\/span><\/p><p>Les articles de Green My Work sont r\u00e9dig\u00e9s <strong>sans<\/strong> l&rsquo;aide de IA.\u00a0<\/p>\t\t\t\t\t\t\t\t<\/div>\n\t\t\t\t<\/div>\n\t\t\t\t<div class=\"elementor-element elementor-element-9a2f42f elementor-share-buttons--view-text elementor-share-buttons--shape-rounded elementor-share-buttons--color-custom elementor-share-buttons--skin-gradient elementor-grid-0 elementor-widget elementor-widget-share-buttons\" data-id=\"9a2f42f\" data-element_type=\"widget\" data-e-type=\"widget\" data-widget_type=\"share-buttons.default\">\n\t\t\t\t<div class=\"elementor-widget-container\">\n\t\t\t\t\t\t\t<div class=\"elementor-grid\">\n\t\t\t\t\t\t\t\t<div class=\"elementor-grid-item\">\n\t\t\t\t\t\t<div\n\t\t\t\t\t\t\tclass=\"elementor-share-btn elementor-share-btn_linkedin\"\n\t\t\t\t\t\t\trole=\"button\"\n\t\t\t\t\t\t\ttabindex=\"0\"\n\t\t\t\t\t\t\taria-label=\"Partager sur linkedin\"\n\t\t\t\t\t\t>\n\t\t\t\t\t\t\t\t\t\t\t\t\t\t\t\t\t\t\t\t\t\t<div class=\"elementor-share-btn__text\">\n\t\t\t\t\t\t\t\t\t\t\t\t\t\t\t\t\t\t\t<span class=\"elementor-share-btn__title\">\n\t\t\t\t\t\t\t\t\t\tPartager sur Linkedin\t\t\t\t\t\t\t\t\t<\/span>\n\t\t\t\t\t\t\t\t\t\t\t\t\t\t\t\t\t<\/div>\n\t\t\t\t\t\t\t\t\t\t\t\t\t<\/div>\n\t\t\t\t\t<\/div>\n\t\t\t\t\t\t<\/div>\n\t\t\t\t\t\t<\/div>\n\t\t\t\t<\/div>\n\t\t\t\t\t<\/div>\n\t\t\t\t<\/div>\n\t\t<div class=\"elementor-element elementor-element-1a6f46b6 e-flex e-con-boxed e-con e-parent\" data-id=\"1a6f46b6\" data-element_type=\"container\" data-e-type=\"container\">\n\t\t\t\t\t<div class=\"e-con-inner\">\n\t\t<div class=\"elementor-element elementor-element-1964e94 e-con-full e-flex e-con e-child\" data-id=\"1964e94\" data-element_type=\"container\" data-e-type=\"container\">\n\t\t\t\t<div class=\"elementor-element elementor-element-22a3138e elementor-widget elementor-widget-heading\" data-id=\"22a3138e\" data-element_type=\"widget\" data-e-type=\"widget\" data-widget_type=\"heading.default\">\n\t\t\t\t<div class=\"elementor-widget-container\">\n\t\t\t\t\t<h3 class=\"elementor-heading-title elementor-size-default\">\u00c0 LIRE SUR LE TH\u00c8ME DU NUM\u00c9RIQUE RESPONSABLE<\/h3>\t\t\t\t<\/div>\n\t\t\t\t<\/div>\n\t\t\t\t<\/div>\n\t\t<div class=\"elementor-element elementor-element-1ed6be66 e-con-full e-flex e-con e-child\" data-id=\"1ed6be66\" data-element_type=\"container\" data-e-type=\"container\">\n\t\t\t\t<div class=\"elementor-element elementor-element-775c4867 elementor-grid-3 elementor-grid-tablet-2 elementor-grid-mobile-1 elementor-posts--thumbnail-top elementor-widget elementor-widget-posts\" data-id=\"775c4867\" data-element_type=\"widget\" data-e-type=\"widget\" data-settings=\"{&quot;classic_columns&quot;:&quot;3&quot;,&quot;classic_columns_tablet&quot;:&quot;2&quot;,&quot;classic_columns_mobile&quot;:&quot;1&quot;,&quot;classic_row_gap&quot;:{&quot;unit&quot;:&quot;px&quot;,&quot;size&quot;:35,&quot;sizes&quot;:[]},&quot;classic_row_gap_tablet&quot;:{&quot;unit&quot;:&quot;px&quot;,&quot;size&quot;:&quot;&quot;,&quot;sizes&quot;:[]},&quot;classic_row_gap_mobile&quot;:{&quot;unit&quot;:&quot;px&quot;,&quot;size&quot;:&quot;&quot;,&quot;sizes&quot;:[]}}\" data-widget_type=\"posts.classic\">\n\t\t\t\t<div class=\"elementor-widget-container\">\n\t\t\t\t\t\t\t<div class=\"elementor-posts-container elementor-posts elementor-posts--skin-classic elementor-grid\">\n\t\t\t\t<article class=\"elementor-post elementor-grid-item post-2131 post type-post status-publish format-standard has-post-thumbnail hentry category-ia-frugale tag-ia tag-ia-act tag-ia-frugale tag-ia-responsable tag-intelligence-artificielle-responsable\">\n\t\t\t\t<a class=\"elementor-post__thumbnail__link\" href=\"https:\/\/greenmywork.fr\/index.php\/2026\/04\/28\/ia-act-une-opportunite-pour-deployer-lia-frugale\/\" tabindex=\"-1\" >\n\t\t\t<div class=\"elementor-post__thumbnail\"><img fetchpriority=\"high\" decoding=\"async\" width=\"300\" height=\"169\" src=\"https:\/\/greenmywork.fr\/wp-content\/uploads\/2026\/04\/Visuels-articles-1-300x169.jpg\" class=\"attachment-medium size-medium wp-image-2134\" alt=\"image article IA act et IA frugale\" srcset=\"https:\/\/greenmywork.fr\/wp-content\/uploads\/2026\/04\/Visuels-articles-1-300x169.jpg 300w, https:\/\/greenmywork.fr\/wp-content\/uploads\/2026\/04\/Visuels-articles-1-1024x576.jpg 1024w, https:\/\/greenmywork.fr\/wp-content\/uploads\/2026\/04\/Visuels-articles-1-768x432.jpg 768w, https:\/\/greenmywork.fr\/wp-content\/uploads\/2026\/04\/Visuels-articles-1-1536x864.jpg 1536w, https:\/\/greenmywork.fr\/wp-content\/uploads\/2026\/04\/Visuels-articles-1.jpg 1920w\" sizes=\"(max-width: 300px) 100vw, 300px\" \/><\/div>\n\t\t<\/a>\n\t\t\t\t<div class=\"elementor-post__text\">\n\t\t\t\t<h3 class=\"elementor-post__title\">\n\t\t\t<a href=\"https:\/\/greenmywork.fr\/index.php\/2026\/04\/28\/ia-act-une-opportunite-pour-deployer-lia-frugale\/\" >\n\t\t\t\tIA ACT : une opportunit\u00e9 pour d\u00e9ployer l\u2019IA frugale\t\t\t<\/a>\n\t\t<\/h3>\n\t\t\n\t\t<a class=\"elementor-post__read-more\" href=\"https:\/\/greenmywork.fr\/index.php\/2026\/04\/28\/ia-act-une-opportunite-pour-deployer-lia-frugale\/\" aria-label=\"En savoir plus sur IA ACT : une opportunit\u00e9 pour d\u00e9ployer l\u2019IA frugale\" tabindex=\"-1\" >\n\t\t\tLire l'article \u00bb\t\t<\/a>\n\n\t\t\t\t<\/div>\n\t\t\t\t<\/article>\n\t\t\t\t<article class=\"elementor-post elementor-grid-item post-1779 post type-post status-publish format-standard has-post-thumbnail hentry category-numerique-responsable tag-conception-strategie-numerique-responsable tag-green-it tag-numerique-responsable\">\n\t\t\t\t<a class=\"elementor-post__thumbnail__link\" href=\"https:\/\/greenmywork.fr\/index.php\/2026\/01\/22\/numerique-responsable-et-grands-comptes-8-actions-pour-demarrer\/\" tabindex=\"-1\" >\n\t\t\t<div class=\"elementor-post__thumbnail\"><img decoding=\"async\" width=\"300\" height=\"169\" src=\"https:\/\/greenmywork.fr\/wp-content\/uploads\/2026\/01\/Visuels-articles-1-300x169.jpg\" class=\"attachment-medium size-medium wp-image-1782\" alt=\"strat\u00e9gie num\u00e9rique responsable pour les grands comptes\" srcset=\"https:\/\/greenmywork.fr\/wp-content\/uploads\/2026\/01\/Visuels-articles-1-300x169.jpg 300w, https:\/\/greenmywork.fr\/wp-content\/uploads\/2026\/01\/Visuels-articles-1-1024x576.jpg 1024w, https:\/\/greenmywork.fr\/wp-content\/uploads\/2026\/01\/Visuels-articles-1-768x432.jpg 768w, https:\/\/greenmywork.fr\/wp-content\/uploads\/2026\/01\/Visuels-articles-1-1536x864.jpg 1536w, https:\/\/greenmywork.fr\/wp-content\/uploads\/2026\/01\/Visuels-articles-1.jpg 1920w\" sizes=\"(max-width: 300px) 100vw, 300px\" \/><\/div>\n\t\t<\/a>\n\t\t\t\t<div class=\"elementor-post__text\">\n\t\t\t\t<h3 class=\"elementor-post__title\">\n\t\t\t<a href=\"https:\/\/greenmywork.fr\/index.php\/2026\/01\/22\/numerique-responsable-et-grands-comptes-8-actions-pour-demarrer\/\" >\n\t\t\t\tNum\u00e9rique responsable et grands comptes : 8 actions pour d\u00e9marrer\t\t\t<\/a>\n\t\t<\/h3>\n\t\t\n\t\t<a class=\"elementor-post__read-more\" href=\"https:\/\/greenmywork.fr\/index.php\/2026\/01\/22\/numerique-responsable-et-grands-comptes-8-actions-pour-demarrer\/\" aria-label=\"En savoir plus sur Num\u00e9rique responsable et grands comptes : 8 actions pour d\u00e9marrer\" tabindex=\"-1\" >\n\t\t\tLire l'article \u00bb\t\t<\/a>\n\n\t\t\t\t<\/div>\n\t\t\t\t<\/article>\n\t\t\t\t<article class=\"elementor-post elementor-grid-item post-1514 post type-post status-publish format-standard has-post-thumbnail hentry category-numerique-responsable\">\n\t\t\t\t<a class=\"elementor-post__thumbnail__link\" href=\"https:\/\/greenmywork.fr\/index.php\/2025\/07\/09\/evaluer-la-maturite-numerique-responsable-de-son-organisation-4-etapes-indispensables\/\" tabindex=\"-1\" >\n\t\t\t<div class=\"elementor-post__thumbnail\"><img decoding=\"async\" width=\"300\" height=\"169\" src=\"https:\/\/greenmywork.fr\/wp-content\/uploads\/2025\/07\/Visuels-articles-min-300x169.jpg\" class=\"attachment-medium size-medium wp-image-1515\" alt=\"visuel article conseil numerique responsable\" srcset=\"https:\/\/greenmywork.fr\/wp-content\/uploads\/2025\/07\/Visuels-articles-min-300x169.jpg 300w, https:\/\/greenmywork.fr\/wp-content\/uploads\/2025\/07\/Visuels-articles-min-1024x576.jpg 1024w, https:\/\/greenmywork.fr\/wp-content\/uploads\/2025\/07\/Visuels-articles-min-768x432.jpg 768w, https:\/\/greenmywork.fr\/wp-content\/uploads\/2025\/07\/Visuels-articles-min-1536x864.jpg 1536w, https:\/\/greenmywork.fr\/wp-content\/uploads\/2025\/07\/Visuels-articles-min.jpg 1920w\" sizes=\"(max-width: 300px) 100vw, 300px\" \/><\/div>\n\t\t<\/a>\n\t\t\t\t<div class=\"elementor-post__text\">\n\t\t\t\t<h3 class=\"elementor-post__title\">\n\t\t\t<a href=\"https:\/\/greenmywork.fr\/index.php\/2025\/07\/09\/evaluer-la-maturite-numerique-responsable-de-son-organisation-4-etapes-indispensables\/\" >\n\t\t\t\t\u00c9valuer la maturit\u00e9 num\u00e9rique responsable de son organisation : 4 \u00e9tapes indispensables\t\t\t<\/a>\n\t\t<\/h3>\n\t\t\n\t\t<a class=\"elementor-post__read-more\" href=\"https:\/\/greenmywork.fr\/index.php\/2025\/07\/09\/evaluer-la-maturite-numerique-responsable-de-son-organisation-4-etapes-indispensables\/\" aria-label=\"En savoir plus sur \u00c9valuer la maturit\u00e9 num\u00e9rique responsable de son organisation : 4 \u00e9tapes indispensables\" tabindex=\"-1\" >\n\t\t\tLire l'article \u00bb\t\t<\/a>\n\n\t\t\t\t<\/div>\n\t\t\t\t<\/article>\n\t\t\t\t<\/div>\n\t\t\n\t\t\t\t\t\t<\/div>\n\t\t\t\t<\/div>\n\t\t\t\t<\/div>\n\t\t\t\t\t<\/div>\n\t\t\t\t<\/div>\n\t\t\t\t<\/div>\n\t\t","protected":false},"excerpt":{"rendered":"<p>&lt; Retour Accueil du blog IA ACT : une opportunit\u00e9 pour int\u00e9grer l\u2019IA frugale L\u2019IA<\/p>\n","protected":false},"author":1,"featured_media":2134,"comment_status":"open","ping_status":"open","sticky":false,"template":"elementor_header_footer","format":"standard","meta":{"_seopress_robots_primary_cat":"14","_seopress_titles_title":"","_seopress_titles_desc":"","_seopress_robots_index":"","footnotes":""},"categories":[14],"tags":[17,20,18,19,21],"class_list":["post-2131","post","type-post","status-publish","format-standard","has-post-thumbnail","hentry","category-ia-frugale","tag-ia","tag-ia-act","tag-ia-frugale","tag-ia-responsable","tag-intelligence-artificielle-responsable"],"_links":{"self":[{"href":"https:\/\/greenmywork.fr\/index.php\/wp-json\/wp\/v2\/posts\/2131","targetHints":{"allow":["GET"]}}],"collection":[{"href":"https:\/\/greenmywork.fr\/index.php\/wp-json\/wp\/v2\/posts"}],"about":[{"href":"https:\/\/greenmywork.fr\/index.php\/wp-json\/wp\/v2\/types\/post"}],"author":[{"embeddable":true,"href":"https:\/\/greenmywork.fr\/index.php\/wp-json\/wp\/v2\/users\/1"}],"replies":[{"embeddable":true,"href":"https:\/\/greenmywork.fr\/index.php\/wp-json\/wp\/v2\/comments?post=2131"}],"version-history":[{"count":28,"href":"https:\/\/greenmywork.fr\/index.php\/wp-json\/wp\/v2\/posts\/2131\/revisions"}],"predecessor-version":[{"id":2166,"href":"https:\/\/greenmywork.fr\/index.php\/wp-json\/wp\/v2\/posts\/2131\/revisions\/2166"}],"wp:featuredmedia":[{"embeddable":true,"href":"https:\/\/greenmywork.fr\/index.php\/wp-json\/wp\/v2\/media\/2134"}],"wp:attachment":[{"href":"https:\/\/greenmywork.fr\/index.php\/wp-json\/wp\/v2\/media?parent=2131"}],"wp:term":[{"taxonomy":"category","embeddable":true,"href":"https:\/\/greenmywork.fr\/index.php\/wp-json\/wp\/v2\/categories?post=2131"},{"taxonomy":"post_tag","embeddable":true,"href":"https:\/\/greenmywork.fr\/index.php\/wp-json\/wp\/v2\/tags?post=2131"}],"curies":[{"name":"wp","href":"https:\/\/api.w.org\/{rel}","templated":true}]}}