{"id":2270,"date":"2026-08-31T15:47:10","date_gmt":"2026-08-31T13:47:10","guid":{"rendered":"https:\/\/greenmywork.fr\/?p=2270"},"modified":"2026-09-06T07:59:08","modified_gmt":"2026-09-06T05:59:08","slug":"plan-de-sensibilisation-au-numerique-responsable","status":"publish","type":"post","link":"https:\/\/greenmywork.fr\/index.php\/2026\/08\/31\/plan-de-sensibilisation-au-numerique-responsable\/","title":{"rendered":"Plan de sensibilisation au num\u00e9rique responsable"},"content":{"rendered":"\t\t<div data-elementor-type=\"wp-post\" data-elementor-id=\"2270\" class=\"elementor elementor-2270\" data-elementor-post-type=\"post\">\n\t\t\t\t<div class=\"elementor-element elementor-element-7a5c131b e-flex e-con-boxed e-con e-parent\" data-id=\"7a5c131b\" data-element_type=\"container\" data-e-type=\"container\">\n\t\t\t\t\t<div class=\"e-con-inner\">\n\t\t\t\t<div class=\"elementor-element elementor-element-335f83cf elementor-widget elementor-widget-text-editor\" data-id=\"335f83cf\" data-element_type=\"widget\" data-e-type=\"widget\" data-widget_type=\"text-editor.default\">\n\t\t\t\t<div class=\"elementor-widget-container\">\n\t\t\t\t\t\t\t\t\t<p><span style=\"color: #bbd5c1;\"><a style=\"color: #bbd5c1;\" href=\"https:\/\/greenmywork.fr\/index.php\/blog\/\">&lt; Retour Accueil du blog<\/a><\/span><\/p>\t\t\t\t\t\t\t\t<\/div>\n\t\t\t\t<\/div>\n\t\t\t\t\t<\/div>\n\t\t\t\t<\/div>\n\t\t<div class=\"elementor-element elementor-element-287a2125 e-flex e-con-boxed e-con e-parent\" data-id=\"287a2125\" data-element_type=\"container\" data-e-type=\"container\" data-settings=\"{&quot;background_background&quot;:&quot;classic&quot;}\">\n\t\t\t\t\t<div class=\"e-con-inner\">\n\t\t<div class=\"elementor-element elementor-element-434b7f60 e-con-full e-flex e-con e-child\" data-id=\"434b7f60\" data-element_type=\"container\" data-e-type=\"container\">\n\t\t<div class=\"elementor-element elementor-element-47f57d9b e-con-full e-flex e-con e-child\" data-id=\"47f57d9b\" data-element_type=\"container\" data-e-type=\"container\" data-settings=\"{&quot;background_background&quot;:&quot;classic&quot;}\">\n\t\t\t\t<div class=\"elementor-element elementor-element-da9345a elementor-widget elementor-widget-heading\" data-id=\"da9345a\" data-element_type=\"widget\" data-e-type=\"widget\" data-widget_type=\"heading.default\">\n\t\t\t\t<div class=\"elementor-widget-container\">\n\t\t\t\t\t<h1 class=\"elementor-heading-title elementor-size-default\">PLAN DE SENSIBILISATION INTERNE AU NUM\u00c9RIQUE RESPONSABLE<\/h1>\t\t\t\t<\/div>\n\t\t\t\t<\/div>\n\t\t\t\t<\/div>\n\t\t\t\t<\/div>\n\t\t\t\t\t<\/div>\n\t\t\t\t<\/div>\n\t\t<div class=\"elementor-element elementor-element-1f4f3e8b e-flex e-con-boxed e-con e-parent\" data-id=\"1f4f3e8b\" data-element_type=\"container\" data-e-type=\"container\">\n\t\t\t\t\t<div class=\"e-con-inner\">\n\t\t\t\t<div class=\"elementor-element elementor-element-30a90cca elementor-widget elementor-widget-text-editor\" data-id=\"30a90cca\" data-element_type=\"widget\" data-e-type=\"widget\" data-widget_type=\"text-editor.default\">\n\t\t\t\t<div class=\"elementor-widget-container\">\n\t\t\t\t\t\t\t\t\t<p><b>Le num\u00e9rique responsable<\/b><span style=\"font-weight: 400;\"> ne repose <\/span><b>pas que sur des leviers techniques<\/b><span style=\"font-weight: 400;\">. La <\/span><b>sensibilisation<\/b><span style=\"font-weight: 400;\"> est \u00e9galement au c\u0153ur de cet enjeu, et un levier indispensable \u00e0<\/span><b> la strat\u00e9gie num\u00e9rique responsable <\/b><span style=\"font-weight: 400;\">de l\u2019organisation.<\/span><\/p><p><b>Le plan de sensibilisation est donc un \u00e9l\u00e9ment cl\u00e9 de la strat\u00e9gie num\u00e9rique responsable et politique IA de l\u2019organisation.<\/b> <b>Transverse et global, il est garant de la bonne transmission des pratiques et du sujet du num\u00e9rique responsable \u00e0 tous les collaborateurs.<\/b><span style=\"font-weight: 400;\"> Et cela, en rapport \u00e0 leur poste et niveau d\u2019implication.\u00a0<\/span><\/p><p><span style=\"font-weight: 400;\">Il y a donc <\/span><b>plusieurs cibles \u00e0 adresser, de mani\u00e8re diff\u00e9rente.<\/b><span style=\"font-weight: 400;\">\u00a0<\/span><\/p><p><span style=\"font-weight: 400;\">Pour les grandes organisations, ou celles qui sont encore en cours de transition, le plan de sensibilisation peut \u00eatre un v\u00e9ritable casse-t\u00eate, et abord\u00e9 plus tard, apr\u00e8s les autres piliers du num\u00e9rique responsable. Or, il est <\/span><b>important d\u2019embarquer les collaborateurs dans leur ensemble d\u00e8s le d\u00e9but de la d\u00e9marche pour en favoriser sa r\u00e9ussite et son adh\u00e9sion.<\/b><span style=\"font-weight: 400;\">\u00a0<br \/><br \/><\/span><\/p><p><span style=\"font-weight: 400;\">&#8211;&gt; Retrouvez dans cette ressource t\u00e9l\u00e9chargeable : <\/span><b>un plan de sensibilisation au num\u00e9rique responsable et l\u2019IA responsable, <\/b><span style=\"font-weight: 400;\">venant en compl\u00e9ment d\u2019un plan de formation pour les \u00e9quipes techniques et internes. L\u2019aspect formation des \u00e9quipes techniques n\u2019est donc pas abord\u00e9 sp\u00e9cifiquement, il s\u2019agit davantage de la sensibilisation interne globale.\u00a0\u00a0<\/span><\/p><p><span style=\"font-weight: 400;\">Vous trouverez donc<\/span><b> un ensemble de 9 actions de sensibilisation globale et interne pour les collaborateurs de votre organisation.\u00a0<\/b><\/p><p><span style=\"font-weight: 400;\">Vous retrouverez \u00e9galement<\/span><b> les objectifs et KPIS de chaque action expliqu\u00e9e, <\/b><span style=\"font-weight: 400;\">pour plus de praticit\u00e9 pour votre plan strat\u00e9gique. <\/span><b>Id\u00e9al en cas de labellisation<\/b><span style=\"font-weight: 400;\"> ou besoin de formalisation.\u00a0<\/span><\/p>\t\t\t\t\t\t\t\t<\/div>\n\t\t\t\t<\/div>\n\t\t\t\t\t<\/div>\n\t\t\t\t<\/div>\n\t\t<div class=\"elementor-element elementor-element-66622f6e e-flex e-con-boxed e-con e-parent\" data-id=\"66622f6e\" data-element_type=\"container\" data-e-type=\"container\">\n\t\t\t\t\t<div class=\"e-con-inner\">\n\t\t\t\t<div class=\"elementor-element elementor-element-50fb2ede elementor-widget__width-initial elementor-widget elementor-widget-heading\" data-id=\"50fb2ede\" data-element_type=\"widget\" data-e-type=\"widget\" data-widget_type=\"heading.default\">\n\t\t\t\t<div class=\"elementor-widget-container\">\n\t\t\t\t\t<h3 class=\"elementor-heading-title elementor-size-default\">9 actions pour votre plan de sensibilisation au num\u00e9rique responsable et \u00e0 l\u2019IA responsable\n<\/h3>\t\t\t\t<\/div>\n\t\t\t\t<\/div>\n\t\t\t\t\t<\/div>\n\t\t\t\t<\/div>\n\t\t<div class=\"elementor-element elementor-element-69077173 e-flex e-con-boxed e-con e-parent\" data-id=\"69077173\" data-element_type=\"container\" data-e-type=\"container\">\n\t\t\t\t\t<div class=\"e-con-inner\">\n\t\t\t\t<div class=\"elementor-element elementor-element-4e0db36d elementor-widget elementor-widget-text-editor\" data-id=\"4e0db36d\" data-element_type=\"widget\" data-e-type=\"widget\" data-widget_type=\"text-editor.default\">\n\t\t\t\t<div class=\"elementor-widget-container\">\n\t\t\t\t\t\t\t\t\t<p><span style=\"font-weight: 400;\">\u2705 Former les r\u00e9f\u00e9rents au num\u00e9rique responsable\u00a0<\/span><\/p><p><span style=\"font-weight: 400;\">\u2705 Organiser un digital clean up day<\/span><\/p><p><span style=\"font-weight: 400;\">\u2705 Concevoir un webinaire sur les bonnes pratiques num\u00e9rique responsable<\/span><\/p><p><span style=\"font-weight: 400;\">\u2705 Mettre en place une campagne de communication interne<\/span><\/p><p><span style=\"font-weight: 400;\">\u2705 Mettre en place une campagne d\u2019infographie<\/span><\/p><p><span style=\"font-weight: 400;\">\u2705 Mettre en place un E-learning sur le num\u00e9rique responsable<\/span><\/p><p><span style=\"font-weight: 400;\">\u2705 Organiser un atelier sur l\u2019IA responsable pour les \u00e9quipes techniques<\/span><\/p><p><span style=\"font-weight: 400;\">\u2705 Cr\u00e9er un guide num\u00e9rique responsable<\/span><\/p><p><span style=\"font-weight: 400;\">\u2705 Organiser un hackathon Green IT pour les \u00e9quipes techniques<\/span><\/p><p><span style=\"font-weight: 400;\">\u2705 Renforcer son plan : des exemples d\u2019actions suppl\u00e9mentaires<\/span><\/p><p><span style=\"font-weight: 400;\">\u2705 Des conseils suppl\u00e9mentaires<\/span><\/p>\t\t\t\t\t\t\t\t<\/div>\n\t\t\t\t<\/div>\n\t\t\t\t\t<\/div>\n\t\t\t\t<\/div>\n\t\t<div class=\"elementor-element elementor-element-cb823c6 e-flex e-con-boxed e-con e-parent\" data-id=\"cb823c6\" data-element_type=\"container\" data-e-type=\"container\">\n\t\t\t\t\t<div class=\"e-con-inner\">\n\t\t\t\t<div class=\"elementor-element elementor-element-f7ac425 elementor-widget elementor-widget-image\" data-id=\"f7ac425\" data-element_type=\"widget\" data-e-type=\"widget\" data-widget_type=\"image.default\">\n\t\t\t\t<div class=\"elementor-widget-container\">\n\t\t\t\t\t\t\t\t\t\t\t\t\t\t\t<img fetchpriority=\"high\" decoding=\"async\" width=\"725\" height=\"1024\" src=\"https:\/\/greenmywork.fr\/wp-content\/uploads\/2026\/08\/Preview-PSC-1-725x1024.png\" class=\"attachment-large size-large wp-image-2556\" alt=\"\" srcset=\"https:\/\/greenmywork.fr\/wp-content\/uploads\/2026\/08\/Preview-PSC-1-725x1024.png 725w, https:\/\/greenmywork.fr\/wp-content\/uploads\/2026\/08\/Preview-PSC-1-212x300.png 212w, https:\/\/greenmywork.fr\/wp-content\/uploads\/2026\/08\/Preview-PSC-1-768x1085.png 768w, https:\/\/greenmywork.fr\/wp-content\/uploads\/2026\/08\/Preview-PSC-1-1088x1536.png 1088w, https:\/\/greenmywork.fr\/wp-content\/uploads\/2026\/08\/Preview-PSC-1.png 1218w\" sizes=\"(max-width: 725px) 100vw, 725px\" \/>\t\t\t\t\t\t\t\t\t\t\t\t\t\t\t<\/div>\n\t\t\t\t<\/div>\n\t\t\t\t\t<\/div>\n\t\t\t\t<\/div>\n\t\t<div class=\"elementor-element elementor-element-fd6a91b e-flex e-con-boxed e-con e-parent\" data-id=\"fd6a91b\" data-element_type=\"container\" data-e-type=\"container\">\n\t\t\t\t\t<div class=\"e-con-inner\">\n\t\t\t\t<div class=\"elementor-element elementor-element-8f03fe8 elementor-widget__width-initial elementor-widget elementor-widget-heading\" data-id=\"8f03fe8\" data-element_type=\"widget\" data-e-type=\"widget\" data-widget_type=\"heading.default\">\n\t\t\t\t<div class=\"elementor-widget-container\">\n\t\t\t\t\t<h3 class=\"elementor-heading-title elementor-size-default\">T\u00e9l\u00e9chargez le plan de sensibilisation au num\u00e9rique responsable\n<\/h3>\t\t\t\t<\/div>\n\t\t\t\t<\/div>\n\t\t\t\t\t<\/div>\n\t\t\t\t<\/div>\n\t\t<div class=\"elementor-element elementor-element-6c2fd9e e-flex e-con-boxed e-con e-parent\" data-id=\"6c2fd9e\" data-element_type=\"container\" data-e-type=\"container\">\n\t\t\t\t\t<div class=\"e-con-inner\">\n\t\t\t\t<div class=\"elementor-element elementor-element-8066114 elementor-widget elementor-widget-text-editor\" data-id=\"8066114\" data-element_type=\"widget\" data-e-type=\"widget\" data-widget_type=\"text-editor.default\">\n\t\t\t\t<div class=\"elementor-widget-container\">\n\t\t\t\t\t\t\t\t\t<p><span style=\"font-weight: 400;\">T\u00e9l\u00e9chargez le plan de sensibilisation au num\u00e9rique responsable en remplissant le formulaire ci-dessous :\u00a0\u00a0<\/span><\/p>\t\t\t\t\t\t\t\t<\/div>\n\t\t\t\t<\/div>\n\t\t\t\t\t<\/div>\n\t\t\t\t<\/div>\n\t\t<div class=\"elementor-element elementor-element-6f68d53 e-flex e-con-boxed e-con e-parent\" data-id=\"6f68d53\" data-element_type=\"container\" data-e-type=\"container\">\n\t\t\t\t\t<div class=\"e-con-inner\">\n\t\t\t\t<div class=\"elementor-element elementor-element-87754f2 elementor-button-align-center elementor-widget elementor-widget-form\" data-id=\"87754f2\" data-element_type=\"widget\" data-e-type=\"widget\" data-settings=\"{&quot;step_next_label&quot;:&quot;Suivant&quot;,&quot;step_previous_label&quot;:&quot;Pr\\u00e9c\\u00e9dent&quot;,&quot;button_width&quot;:&quot;100&quot;,&quot;step_type&quot;:&quot;number_text&quot;,&quot;step_icon_shape&quot;:&quot;circle&quot;}\" data-widget_type=\"form.default\">\n\t\t\t\t<div class=\"elementor-widget-container\">\n\t\t\t\t\t\t\t<form class=\"elementor-form\" method=\"post\" name=\"T\u00e9l\u00e9chargement du plan de sensibilisation\" aria-label=\"T\u00e9l\u00e9chargement du plan de sensibilisation\">\n\t\t\t<input type=\"hidden\" name=\"post_id\" value=\"2270\"\/>\n\t\t\t<input type=\"hidden\" name=\"form_id\" value=\"87754f2\"\/>\n\t\t\t<input type=\"hidden\" name=\"referer_title\" value=\"Plan de sensibilisation au num\u00e9rique responsable\" \/>\n\n\t\t\t\t\t\t\t<input type=\"hidden\" name=\"queried_id\" value=\"2270\"\/>\n\t\t\t\n\t\t\t<div class=\"elementor-form-fields-wrapper elementor-labels-above\">\n\t\t\t\t\t\t\t\t<div class=\"elementor-field-type-text elementor-field-group elementor-column elementor-field-group-name elementor-col-100 elementor-field-required elementor-mark-required\">\n\t\t\t\t\t\t\t\t\t\t\t\t<label for=\"form-field-name\" class=\"elementor-field-label\">\n\t\t\t\t\t\t\t\tNom\t\t\t\t\t\t\t<\/label>\n\t\t\t\t\t\t\t\t\t\t\t\t\t\t<input size=\"1\" type=\"text\" name=\"form_fields[name]\" id=\"form-field-name\" class=\"elementor-field elementor-size-sm  elementor-field-textual\" placeholder=\"Nom\" required=\"required\">\n\t\t\t\t\t\t\t\t\t\t\t<\/div>\n\t\t\t\t\t\t\t\t<div class=\"elementor-field-type-email elementor-field-group elementor-column elementor-field-group-email elementor-col-100 elementor-field-required elementor-mark-required\">\n\t\t\t\t\t\t\t\t\t\t\t\t<label for=\"form-field-email\" class=\"elementor-field-label\">\n\t\t\t\t\t\t\t\tE-mail\t\t\t\t\t\t\t<\/label>\n\t\t\t\t\t\t\t\t\t\t\t\t\t\t<input size=\"1\" type=\"email\" name=\"form_fields[email]\" id=\"form-field-email\" class=\"elementor-field elementor-size-sm  elementor-field-textual\" placeholder=\"E-mail\" required=\"required\">\n\t\t\t\t\t\t\t\t\t\t\t<\/div>\n\t\t\t\t\t\t\t\t<div class=\"elementor-field-type-text elementor-field-group elementor-column elementor-field-group-field_326ed78 elementor-col-100 elementor-field-required elementor-mark-required\">\n\t\t\t\t\t\t\t\t\t\t\t\t<label for=\"form-field-field_326ed78\" class=\"elementor-field-label\">\n\t\t\t\t\t\t\t\tSoci\u00e9t\u00e9\t\t\t\t\t\t\t<\/label>\n\t\t\t\t\t\t\t\t\t\t\t\t\t\t<input size=\"1\" type=\"text\" name=\"form_fields[field_326ed78]\" id=\"form-field-field_326ed78\" class=\"elementor-field elementor-size-sm  elementor-field-textual\" required=\"required\">\n\t\t\t\t\t\t\t\t\t\t\t<\/div>\n\t\t\t\t\t\t\t\t<div class=\"elementor-field-group elementor-column elementor-field-type-submit elementor-col-100 e-form__buttons\">\n\t\t\t\t\t<button class=\"elementor-button elementor-size-sm\" type=\"submit\">\n\t\t\t\t\t\t<span class=\"elementor-button-content-wrapper\">\n\t\t\t\t\t\t\t\t\t\t\t\t\t\t\t\t\t\t\t\t\t\t<span class=\"elementor-button-text\">T\u00e9l\u00e9charger<\/span>\n\t\t\t\t\t\t\t\t\t\t\t\t\t<\/span>\n\t\t\t\t\t<\/button>\n\t\t\t\t<\/div>\n\t\t\t<\/div>\n\t\t<\/form>\n\t\t\t\t\t\t<\/div>\n\t\t\t\t<\/div>\n\t\t\t\t\t<\/div>\n\t\t\t\t<\/div>\n\t\t<div class=\"elementor-element elementor-element-230f0641 e-flex e-con-boxed e-con e-parent\" data-id=\"230f0641\" data-element_type=\"container\" data-e-type=\"container\">\n\t\t\t\t\t<div class=\"e-con-inner\">\n\t\t\t\t<div class=\"elementor-element elementor-element-11f82318 elementor-widget-divider--view-line elementor-widget elementor-widget-divider\" data-id=\"11f82318\" data-element_type=\"widget\" data-e-type=\"widget\" data-widget_type=\"divider.default\">\n\t\t\t\t<div class=\"elementor-widget-container\">\n\t\t\t\t\t\t\t<div class=\"elementor-divider\">\n\t\t\t<span class=\"elementor-divider-separator\">\n\t\t\t\t\t\t<\/span>\n\t\t<\/div>\n\t\t\t\t\t\t<\/div>\n\t\t\t\t<\/div>\n\t\t\t\t<div class=\"elementor-element elementor-element-11e61761 elementor-widget elementor-widget-text-editor\" data-id=\"11e61761\" data-element_type=\"widget\" data-e-type=\"widget\" data-widget_type=\"text-editor.default\">\n\t\t\t\t<div class=\"elementor-widget-container\">\n\t\t\t\t\t\t\t\t\t<p><span style=\"font-weight: 400;\"><strong>\u00c0 propos de l\u2019auteur\u00a0\u00a0<\/strong><\/span><\/p><p><span style=\"font-weight: 400;\">Green My Work est un cabinet de conseil <b>ind\u00e9pendant en strat\u00e9gie Num\u00e9rique Responsable, Green IT et IA frugale<\/b>. En tant que <strong>consultant num\u00e9rique responsable<\/strong>, j&rsquo;accompagne notamment mes clients dans le pilotage de leur strat\u00e9gie via des sessions de conseil, des <strong>audits num\u00e9rique responsable et IA responsable,<\/strong> et l\u2019accompagnement dans le processus de lab\u00e9lisation. Pour en savoir plus sur le cabinet, <span style=\"text-decoration: underline; color: #bbd5c1;\"><a style=\"color: #bbd5c1;\" href=\"https:\/\/greenmywork.fr\/index.php\/accompagnements-numerique-responsable\/\" target=\"_blank\" rel=\"noopener\"><b>consultez la page des accompagnements.<\/b><\/a><\/span><\/span><\/p><p>Les articles de Green My Work sont r\u00e9dig\u00e9s <strong>sans<\/strong> l&rsquo;aide de IA.\u00a0<\/p>\t\t\t\t\t\t\t\t<\/div>\n\t\t\t\t<\/div>\n\t\t\t\t<div class=\"elementor-element elementor-element-5fdf6674 elementor-share-buttons--view-text elementor-share-buttons--shape-rounded elementor-share-buttons--color-custom elementor-share-buttons--skin-gradient elementor-grid-0 elementor-widget elementor-widget-share-buttons\" data-id=\"5fdf6674\" data-element_type=\"widget\" data-e-type=\"widget\" data-widget_type=\"share-buttons.default\">\n\t\t\t\t<div class=\"elementor-widget-container\">\n\t\t\t\t\t\t\t<div class=\"elementor-grid\">\n\t\t\t\t\t\t\t\t<div class=\"elementor-grid-item\">\n\t\t\t\t\t\t<div class=\"elementor-share-btn elementor-share-btn_linkedin\" role=\"button\" tabindex=\"0\" aria-label=\"Partager sur linkedin\">\n\t\t\t\t\t\t\t\t\t\t\t\t\t\t\t\t\t\t\t\t\t\t<div class=\"elementor-share-btn__text\">\n\t\t\t\t\t\t\t\t\t\t\t\t\t\t\t\t\t\t\t<span class=\"elementor-share-btn__title\">\n\t\t\t\t\t\t\t\t\t\tPartager sur Linkedin\t\t\t\t\t\t\t\t\t<\/span>\n\t\t\t\t\t\t\t\t\t\t\t\t\t\t\t\t\t<\/div>\n\t\t\t\t\t\t\t\t\t\t\t\t\t<\/div>\n\t\t\t\t\t<\/div>\n\t\t\t\t\t\t<\/div>\n\t\t\t\t\t\t<\/div>\n\t\t\t\t<\/div>\n\t\t\t\t\t<\/div>\n\t\t\t\t<\/div>\n\t\t<div class=\"elementor-element elementor-element-6457b2ef e-flex e-con-boxed e-con e-parent\" data-id=\"6457b2ef\" data-element_type=\"container\" data-e-type=\"container\">\n\t\t\t\t\t<div class=\"e-con-inner\">\n\t\t<div class=\"elementor-element elementor-element-2f3a2643 e-con-full e-flex e-con e-child\" data-id=\"2f3a2643\" data-element_type=\"container\" data-e-type=\"container\">\n\t\t\t\t<div class=\"elementor-element elementor-element-2605febe elementor-widget elementor-widget-heading\" data-id=\"2605febe\" data-element_type=\"widget\" data-e-type=\"widget\" data-widget_type=\"heading.default\">\n\t\t\t\t<div class=\"elementor-widget-container\">\n\t\t\t\t\t<h3 class=\"elementor-heading-title elementor-size-default\">\u00c0 LIRE SUR LE TH\u00c8ME DU NUM\u00c9RIQUE RESPONSABLE<\/h3>\t\t\t\t<\/div>\n\t\t\t\t<\/div>\n\t\t\t\t<\/div>\n\t\t<div class=\"elementor-element elementor-element-526738bb e-con-full e-flex e-con e-child\" data-id=\"526738bb\" data-element_type=\"container\" data-e-type=\"container\">\n\t\t\t\t<div class=\"elementor-element elementor-element-387cb866 elementor-grid-3 elementor-grid-tablet-2 elementor-grid-mobile-1 elementor-posts--thumbnail-top elementor-widget elementor-widget-posts\" data-id=\"387cb866\" data-element_type=\"widget\" data-e-type=\"widget\" data-settings=\"{&quot;classic_columns&quot;:&quot;3&quot;,&quot;classic_columns_tablet&quot;:&quot;2&quot;,&quot;classic_columns_mobile&quot;:&quot;1&quot;,&quot;classic_row_gap&quot;:{&quot;unit&quot;:&quot;px&quot;,&quot;size&quot;:35,&quot;sizes&quot;:[]},&quot;classic_row_gap_tablet&quot;:{&quot;unit&quot;:&quot;px&quot;,&quot;size&quot;:&quot;&quot;,&quot;sizes&quot;:[]},&quot;classic_row_gap_mobile&quot;:{&quot;unit&quot;:&quot;px&quot;,&quot;size&quot;:&quot;&quot;,&quot;sizes&quot;:[]}}\" data-widget_type=\"posts.classic\">\n\t\t\t\t<div class=\"elementor-widget-container\">\n\t\t\t\t\t\t\t<div class=\"elementor-posts-container elementor-posts elementor-posts--skin-classic elementor-grid\" role=\"list\">\n\t\t\t\t<article class=\"elementor-post elementor-grid-item post-2270 post type-post status-publish format-standard has-post-thumbnail hentry category-numerique-responsable\" role=\"listitem\">\n\t\t\t\t<a class=\"elementor-post__thumbnail__link\" href=\"https:\/\/greenmywork.fr\/index.php\/2026\/08\/31\/plan-de-sensibilisation-au-numerique-responsable\/\" tabindex=\"-1\" >\n\t\t\t<div class=\"elementor-post__thumbnail\"><img decoding=\"async\" width=\"300\" height=\"146\" src=\"https:\/\/greenmywork.fr\/wp-content\/uploads\/2026\/08\/Visuels-articles-blog-Green-My-Work-1-300x146.png\" class=\"attachment-medium size-medium wp-image-2560\" alt=\"\" srcset=\"https:\/\/greenmywork.fr\/wp-content\/uploads\/2026\/08\/Visuels-articles-blog-Green-My-Work-1-300x146.png 300w, https:\/\/greenmywork.fr\/wp-content\/uploads\/2026\/08\/Visuels-articles-blog-Green-My-Work-1-1024x499.png 1024w, https:\/\/greenmywork.fr\/wp-content\/uploads\/2026\/08\/Visuels-articles-blog-Green-My-Work-1-768x374.png 768w, https:\/\/greenmywork.fr\/wp-content\/uploads\/2026\/08\/Visuels-articles-blog-Green-My-Work-1.png 1520w\" sizes=\"(max-width: 300px) 100vw, 300px\" \/><\/div>\n\t\t<\/a>\n\t\t\t\t<div class=\"elementor-post__text\">\n\t\t\t\t<h3 class=\"elementor-post__title\">\n\t\t\t<a href=\"https:\/\/greenmywork.fr\/index.php\/2026\/08\/31\/plan-de-sensibilisation-au-numerique-responsable\/\" >\n\t\t\t\tPlan de sensibilisation au num\u00e9rique responsable\t\t\t<\/a>\n\t\t<\/h3>\n\t\t\n\t\t<a class=\"elementor-post__read-more\" href=\"https:\/\/greenmywork.fr\/index.php\/2026\/08\/31\/plan-de-sensibilisation-au-numerique-responsable\/\" aria-label=\"En savoir plus sur Plan de sensibilisation au num\u00e9rique responsable\" tabindex=\"-1\" >\n\t\t\tLire l'article \u00bb\t\t<\/a>\n\n\t\t\t\t<\/div>\n\t\t\t\t<\/article>\n\t\t\t\t<article class=\"elementor-post elementor-grid-item post-2435 post type-post status-publish format-standard has-post-thumbnail hentry category-ia-frugale category-numerique-responsable tag-conception-strategie-numerique-responsable tag-green-it tag-ia-frugale tag-ia-responsable tag-numerique-responsable\" role=\"listitem\">\n\t\t\t\t<a class=\"elementor-post__thumbnail__link\" href=\"https:\/\/greenmywork.fr\/index.php\/2026\/07\/25\/comment-convaincre-sa-gouvernance-de-concevoir-une-strategie-numerique-responsable\/\" tabindex=\"-1\" >\n\t\t\t<div class=\"elementor-post__thumbnail\"><img decoding=\"async\" width=\"300\" height=\"169\" src=\"https:\/\/greenmywork.fr\/wp-content\/uploads\/2026\/07\/Vignette-article-gouvernance-300x169.jpg\" class=\"attachment-medium size-medium wp-image-2437\" alt=\"image num\u00e9rique responsable et IA responsable : gouvernance convaincre\" srcset=\"https:\/\/greenmywork.fr\/wp-content\/uploads\/2026\/07\/Vignette-article-gouvernance-300x169.jpg 300w, https:\/\/greenmywork.fr\/wp-content\/uploads\/2026\/07\/Vignette-article-gouvernance-1024x576.jpg 1024w, https:\/\/greenmywork.fr\/wp-content\/uploads\/2026\/07\/Vignette-article-gouvernance-768x432.jpg 768w, https:\/\/greenmywork.fr\/wp-content\/uploads\/2026\/07\/Vignette-article-gouvernance-1536x864.jpg 1536w, https:\/\/greenmywork.fr\/wp-content\/uploads\/2026\/07\/Vignette-article-gouvernance.jpg 1920w\" sizes=\"(max-width: 300px) 100vw, 300px\" \/><\/div>\n\t\t<\/a>\n\t\t\t\t<div class=\"elementor-post__text\">\n\t\t\t\t<h3 class=\"elementor-post__title\">\n\t\t\t<a href=\"https:\/\/greenmywork.fr\/index.php\/2026\/07\/25\/comment-convaincre-sa-gouvernance-de-concevoir-une-strategie-numerique-responsable\/\" >\n\t\t\t\tComment convaincre sa gouvernance de concevoir une strat\u00e9gie num\u00e9rique responsable ?\t\t\t<\/a>\n\t\t<\/h3>\n\t\t\n\t\t<a class=\"elementor-post__read-more\" href=\"https:\/\/greenmywork.fr\/index.php\/2026\/07\/25\/comment-convaincre-sa-gouvernance-de-concevoir-une-strategie-numerique-responsable\/\" aria-label=\"En savoir plus sur Comment convaincre sa gouvernance de concevoir une strat\u00e9gie num\u00e9rique responsable ?\" tabindex=\"-1\" >\n\t\t\tLire l'article \u00bb\t\t<\/a>\n\n\t\t\t\t<\/div>\n\t\t\t\t<\/article>\n\t\t\t\t<article class=\"elementor-post elementor-grid-item post-2131 post type-post status-publish format-standard has-post-thumbnail hentry category-ia-frugale tag-ia tag-ia-act tag-ia-frugale tag-ia-responsable tag-intelligence-artificielle-responsable\" role=\"listitem\">\n\t\t\t\t<a class=\"elementor-post__thumbnail__link\" href=\"https:\/\/greenmywork.fr\/index.php\/2026\/04\/28\/ia-act-une-opportunite-pour-deployer-lia-frugale\/\" tabindex=\"-1\" >\n\t\t\t<div class=\"elementor-post__thumbnail\"><img loading=\"lazy\" decoding=\"async\" width=\"300\" height=\"169\" src=\"https:\/\/greenmywork.fr\/wp-content\/uploads\/2026\/04\/Visuels-articles-1-300x169.jpg\" class=\"attachment-medium size-medium wp-image-2134\" alt=\"image article IA act et IA frugale\" srcset=\"https:\/\/greenmywork.fr\/wp-content\/uploads\/2026\/04\/Visuels-articles-1-300x169.jpg 300w, https:\/\/greenmywork.fr\/wp-content\/uploads\/2026\/04\/Visuels-articles-1-1024x576.jpg 1024w, https:\/\/greenmywork.fr\/wp-content\/uploads\/2026\/04\/Visuels-articles-1-768x432.jpg 768w, https:\/\/greenmywork.fr\/wp-content\/uploads\/2026\/04\/Visuels-articles-1-1536x864.jpg 1536w, https:\/\/greenmywork.fr\/wp-content\/uploads\/2026\/04\/Visuels-articles-1.jpg 1920w\" sizes=\"(max-width: 300px) 100vw, 300px\" \/><\/div>\n\t\t<\/a>\n\t\t\t\t<div class=\"elementor-post__text\">\n\t\t\t\t<h3 class=\"elementor-post__title\">\n\t\t\t<a href=\"https:\/\/greenmywork.fr\/index.php\/2026\/04\/28\/ia-act-une-opportunite-pour-deployer-lia-frugale\/\" >\n\t\t\t\tIA ACT : une opportunit\u00e9 pour d\u00e9ployer l\u2019IA frugale\t\t\t<\/a>\n\t\t<\/h3>\n\t\t\n\t\t<a class=\"elementor-post__read-more\" href=\"https:\/\/greenmywork.fr\/index.php\/2026\/04\/28\/ia-act-une-opportunite-pour-deployer-lia-frugale\/\" aria-label=\"En savoir plus sur IA ACT : une opportunit\u00e9 pour d\u00e9ployer l\u2019IA frugale\" tabindex=\"-1\" >\n\t\t\tLire l'article \u00bb\t\t<\/a>\n\n\t\t\t\t<\/div>\n\t\t\t\t<\/article>\n\t\t\t\t<\/div>\n\t\t\n\t\t\t\t\t\t<\/div>\n\t\t\t\t<\/div>\n\t\t\t\t<\/div>\n\t\t\t\t\t<\/div>\n\t\t\t\t<\/div>\n\t\t\t\t<\/div>\n\t\t","protected":false},"excerpt":{"rendered":"<p>&lt; Retour Accueil du blog PLAN DE SENSIBILISATION INTERNE AU NUM\u00c9RIQUE RESPONSABLE Le num\u00e9rique responsable<\/p>\n","protected":false},"author":1,"featured_media":2560,"comment_status":"open","ping_status":"open","sticky":false,"template":"elementor_header_footer","format":"standard","meta":{"_seopress_titles_title":"","_seopress_titles_desc":"","_seopress_robots_index":"","_seopress_robots_follow":"","_seopress_robots_imageindex":"","_seopress_robots_snippet":"","_seopress_robots_primary_cat":"","_seopress_robots_breadcrumbs":"","_seopress_robots_freeze_modified_date":"","_seopress_robots_custom_modified_date":"","_seopress_robots_canonical":"","_seopress_social_fb_title":"","_seopress_social_fb_desc":"","_seopress_social_fb_img":"","_seopress_social_fb_img_attachment_id":0,"_seopress_social_fb_img_width":0,"_seopress_social_fb_img_height":0,"_seopress_social_twitter_title":"","_seopress_social_twitter_desc":"","_seopress_social_twitter_img":"","_seopress_social_twitter_img_attachment_id":0,"_seopress_social_twitter_img_width":0,"_seopress_social_twitter_img_height":0,"_seopress_redirections_value":"","_seopress_redirections_enabled":"","_seopress_redirections_enabled_regex":"","_seopress_redirections_logged_status":"","_seopress_redirections_param":"","_seopress_redirections_type":0,"_seopress_analysis_target_kw":"","footnotes":""},"categories":[5],"tags":[],"class_list":["post-2270","post","type-post","status-publish","format-standard","has-post-thumbnail","hentry","category-numerique-responsable"],"_links":{"self":[{"href":"https:\/\/greenmywork.fr\/index.php\/wp-json\/wp\/v2\/posts\/2270","targetHints":{"allow":["GET"]}}],"collection":[{"href":"https:\/\/greenmywork.fr\/index.php\/wp-json\/wp\/v2\/posts"}],"about":[{"href":"https:\/\/greenmywork.fr\/index.php\/wp-json\/wp\/v2\/types\/post"}],"author":[{"embeddable":true,"href":"https:\/\/greenmywork.fr\/index.php\/wp-json\/wp\/v2\/users\/1"}],"replies":[{"embeddable":true,"href":"https:\/\/greenmywork.fr\/index.php\/wp-json\/wp\/v2\/comments?post=2270"}],"version-history":[{"count":40,"href":"https:\/\/greenmywork.fr\/index.php\/wp-json\/wp\/v2\/posts\/2270\/revisions"}],"predecessor-version":[{"id":2572,"href":"https:\/\/greenmywork.fr\/index.php\/wp-json\/wp\/v2\/posts\/2270\/revisions\/2572"}],"wp:featuredmedia":[{"embeddable":true,"href":"https:\/\/greenmywork.fr\/index.php\/wp-json\/wp\/v2\/media\/2560"}],"wp:attachment":[{"href":"https:\/\/greenmywork.fr\/index.php\/wp-json\/wp\/v2\/media?parent=2270"}],"wp:term":[{"taxonomy":"category","embeddable":true,"href":"https:\/\/greenmywork.fr\/index.php\/wp-json\/wp\/v2\/categories?post=2270"},{"taxonomy":"post_tag","embeddable":true,"href":"https:\/\/greenmywork.fr\/index.php\/wp-json\/wp\/v2\/tags?post=2270"}],"curies":[{"name":"wp","href":"https:\/\/api.w.org\/{rel}","templated":true}]}}